{"id":6725,"date":"2020-05-08T15:20:42","date_gmt":"2020-05-08T13:20:42","guid":{"rendered":"https:\/\/www.afadoc.it\/wp22\/?p=6725"},"modified":"2022-10-18T17:32:59","modified_gmt":"2022-10-18T15:32:59","slug":"ministero-della-salute-7-passi-per-vivere-consapevol_mente-la-fase-2","status":"publish","type":"post","link":"https:\/\/www.afadoc.it\/wp22\/?p=6725","title":{"rendered":"Ministero della Salute: 7 passi per vivere consapevol_MENTE la \u201cfase 2\u201d"},"content":{"rendered":"<div align=\"center\"><img decoding=\"async\" loading=\"lazy\" class=\"aligncenter wp-image-6726\" src=\"https:\/\/www.afadoc.it\/wp22\/wp-content\/uploads\/2020\/05\/C_17_notizie_4689_immagineEvidenza.jpg\" alt=\"\" width=\"434\" height=\"242\" srcset=\"https:\/\/www.afadoc.it\/wp22\/wp-content\/uploads\/2020\/05\/C_17_notizie_4689_immagineEvidenza.jpg 700w, https:\/\/www.afadoc.it\/wp22\/wp-content\/uploads\/2020\/05\/C_17_notizie_4689_immagineEvidenza-600x334.jpg 600w, https:\/\/www.afadoc.it\/wp22\/wp-content\/uploads\/2020\/05\/C_17_notizie_4689_immagineEvidenza-300x167.jpg 300w\" sizes=\"(max-width: 434px) 100vw, 434px\" \/><\/div>\n<p>&nbsp;<\/p>\n<p>In questo momento storico, estremamente complesso, da un punto di vista sia sanitario che psicologico, tutti noi siamo impegnati ad affrontare una fase di ristrutturazione dei rapporti sociali, lavorativi e personali. La salute assume un ruolo chiave e mai come oggi \u00e8 il risultato di un\u2019azione collettiva.<br \/>\n\u00c8, quindi, fondamentale acquisire la consapevolezza che i propri comportamenti possono avere conseguenze dirette e indirette sul benessere di ognuno di noi.<\/p>\n<p>Ecco i <strong>7 passi<\/strong> per essere <strong>consapevol-<em>mente<\/em><\/strong> \u201cin salute\u201d:<\/p>\n<ol>\n<li><strong>Agisci con responsabilit\u00e0<\/strong>\u00a0&#8211; Le raccomandazioni, come il distanziamento fisico e l&#8217;uso delle mascherine, sono utili per tutelarci da un rischio di ripresa dell\u2019epidemia e per non rendere vani gli sforzi che abbiamo fatto finora. Proteggi la tua salute e quella di chi ti circonda agendo con responsabilit\u00e0.<\/li>\n<li><strong>Sii protagonista della ripresa\u00a0<\/strong>\u00a0&#8211; In questo momento risulta fondamentale condividere buone pratiche di prevenzione e comportamenti (rispetto delle distanze, uso di guanti e mascherine, sani stili di vita) che possano essere d\u2019esempio e rappresentare un <em>contagio<\/em> positivo<\/li>\n<li><strong>Seleziona le giuste informazioni\u00a0<\/strong>&#8211; \u00c8 importante possedere le giuste informazioni, verificando l\u2019affidabilit\u00e0 delle fonti (es. Organizzazione Mondiale della Sanit\u00e0, Ministero della Salute, Istituto Superiore di Sanit\u00e0) per costruire un sapere condiviso e contribuire alla diffusione di notizie attendibili.<\/li>\n<li><strong>Collabora con le Istituzioni <\/strong>&#8211;\u00a0Avere fiducia nelle Istituzioni significa collaborare per raggiungere obiettivi comuni e in linea con quanto raccomandato dagli esperti. Rendersi conto che, come cittadini, non siamo solo \u201cutenti finali\u201d, ma anche attori fondamentali \u00e8 un passaggio di consapevolezza molto importante, che pu\u00f2 aiutare tutto il \u201csistema Paese\u201d in un momento di emergenza.<\/li>\n<li><strong>Riscopri la tua salute<\/strong>\u00a0&#8211; Cerca di prenderti cura di mente e corpo praticando attivit\u00e0 fisica e seguendo un\u2019alimentazione bilanciata, secondo i tuoi desideri e rispettando il tuo tempo di ripresa.<\/li>\n<li><strong>Condividi quello che provi<\/strong>\u00a0&#8211; La diversa quotidianit\u00e0 che viviamo \u00e8 fonte di cambiamenti nel nostro modo di vivere, tali da alimentare insicurezza, tristezza, rabbia e stress. Si tratta di emozioni tipiche di periodi di crisi. Non avere timore a condividere queste preoccupazioni con i tuoi cari o a rivolgerti a un professionista (ad es. medico, psicologo).<\/li>\n<li><strong>Trova un nuovo equilibrio<\/strong>\u00a0&#8211; In una situazione difficile come quella attuale, \u00e8 possibile costruire una nuova <em>routine<\/em>, ricca di nuove abitudini e adatta ai ritmi diversi imposti dalla situazione, per recuperare la quotidianit\u00e0 e adattarsi a questo periodo nel miglior modo possibile.<\/li>\n<\/ol>\n<p>A cura di: Direzione Generale della Prevenzione, Ufficio 8<\/p>\n<p><em>In collaborazione con:<\/em><br \/>\n<em><a href=\"https:\/\/cronicita.ordinepsicologilazio.it\/\">Osservatorio di cronicit\u00e0 Ordine psicologi del Lazio<\/a><\/em><br \/>\n<a href=\"https:\/\/www.engagemindshub.com\/\"><em>Centro di Ricerca EngageMinds HUB &#8211; Universit\u00e0 Cattolica Milano<\/em><\/a><\/p>\n<p>&nbsp;<\/p>\n","protected":false},"excerpt":{"rendered":"&nbsp; In questo momento storico, estremamente complesso, da un punto di vista sia sanitario che psicologico, tutti noi siamo impegnati ad affrontare una fase di ristrutturazione dei rapporti sociali, lavorativi e personali. La salute assume un ruolo chiave e mai come oggi \u00e8 il risultato di un\u2019azione collettiva. \u00c8, quindi, fondamentale acquisire la consapevolezza che &#8230;","protected":false},"author":1,"featured_media":6726,"comment_status":"open","ping_status":"open","sticky":false,"template":"","format":"standard","meta":[],"categories":[300],"tags":[296,366],"aioseo_notices":[],"aioseo_head":"\n\t\t<!-- All in One SEO 5.0.0.1 - aioseo.com -->\n\t<meta name=\"description\" content=\"In questo momento storico, estremamente complesso, da un punto di vista sia sanitario che psicologico, tutti noi siamo impegnati ad affrontare una fase di ristrutturazione dei rapporti sociali, lavorativi e personali. La salute assume un ruolo chiave e mai come oggi \u00e8 il risultato di un\u2019azione collettiva. \u00c8, quindi, fondamentale acquisire la consapevolezza che\" \/>\n\t<meta name=\"robots\" content=\"max-image-preview:large\" \/>\n\t<meta name=\"author\" content=\"Cinzia Sacchetti\"\/>\n\t<meta name=\"keywords\" content=\"2020,ministero della salute\" \/>\n\t<link rel=\"canonical\" href=\"https:\/\/www.afadoc.it\/wp22\/?p=6725\" \/>\n\t<meta name=\"generator\" content=\"All in One SEO (AIOSEO) 5.0.0.1\" \/>\n\t\t<meta property=\"og:locale\" content=\"it_IT\" \/>\n\t\t<meta property=\"og:site_name\" content=\"A.Fa.D.O.C. odv\" \/>\n\t\t<meta property=\"og:type\" content=\"article\" \/>\n\t\t<meta property=\"og:title\" content=\"Ministero della Salute: 7 passi per vivere consapevol_MENTE la \u201cfase 2\u201d | A.Fa.D.O.C. aps\" \/>\n\t\t<meta property=\"og:description\" content=\"In questo momento storico, estremamente complesso, da un punto di vista sia sanitario che psicologico, tutti noi siamo impegnati ad affrontare una fase di ristrutturazione dei rapporti sociali, lavorativi e personali. La salute assume un ruolo chiave e mai come oggi \u00e8 il risultato di un\u2019azione collettiva. \u00c8, quindi, fondamentale acquisire la consapevolezza che\" \/>\n\t\t<meta property=\"og:url\" content=\"https:\/\/www.afadoc.it\/wp22\/?p=6725\" \/>\n\t\t<meta property=\"og:image\" content=\"https:\/\/www.afadoc.it\/wp22\/wp-content\/uploads\/2020\/05\/C_17_notizie_4689_immagineEvidenza.jpg\" \/>\n\t\t<meta property=\"og:image:secure_url\" content=\"https:\/\/www.afadoc.it\/wp22\/wp-content\/uploads\/2020\/05\/C_17_notizie_4689_immagineEvidenza.jpg\" \/>\n\t\t<meta property=\"og:image:width\" content=\"700\" \/>\n\t\t<meta property=\"og:image:height\" content=\"390\" \/>\n\t\t<meta property=\"article:published_time\" content=\"2020-05-08T13:20:42+00:00\" \/>\n\t\t<meta property=\"article:modified_time\" content=\"2022-10-18T15:32:59+00:00\" \/>\n\t\t<meta property=\"article:publisher\" content=\"https:\/\/www.facebook.com\/afadoc\/\" \/>\n\t\t<meta name=\"twitter:card\" content=\"summary\" \/>\n\t\t<meta name=\"twitter:site\" content=\"@AfadocOnlus\" \/>\n\t\t<meta name=\"twitter:title\" content=\"Ministero della Salute: 7 passi per vivere consapevol_MENTE la \u201cfase 2\u201d | A.Fa.D.O.C. aps\" \/>\n\t\t<meta name=\"twitter:description\" content=\"In questo momento storico, estremamente complesso, da un punto di vista sia sanitario che psicologico, tutti noi siamo impegnati ad affrontare una fase di ristrutturazione dei rapporti sociali, lavorativi e personali. La salute assume un ruolo chiave e mai come oggi \u00e8 il risultato di un\u2019azione collettiva. \u00c8, quindi, fondamentale acquisire la consapevolezza che\" \/>\n\t\t<meta name=\"twitter:creator\" content=\"@AfadocOnlus\" \/>\n\t\t<meta name=\"twitter:image\" content=\"https:\/\/www.afadoc.it\/wp22\/wp-content\/uploads\/2020\/05\/C_17_notizie_4689_immagineEvidenza.jpg\" \/>\n\t\t<script type=\"application\/ld+json\" class=\"aioseo-schema\">\n\t\t\t{\"@context\":\"https:\\\/\\\/schema.org\",\"@graph\":[{\"@type\":\"Article\",\"@id\":\"https:\\\/\\\/www.afadoc.it\\\/wp22\\\/?p=6725#article\",\"name\":\"Ministero della Salute: 7 passi per vivere consapevol_MENTE la \\u201cfase 2\\u201d | A.Fa.D.O.C. aps\",\"headline\":\"Ministero della Salute: 7 passi per vivere consapevol_MENTE la \\u201cfase 2\\u201d\",\"author\":{\"@id\":\"https:\\\/\\\/www.afadoc.it\\\/wp22\\\/?author=1#author\"},\"publisher\":{\"@id\":\"https:\\\/\\\/www.afadoc.it\\\/wp22\\\/#organization\"},\"image\":{\"@type\":\"ImageObject\",\"url\":\"https:\\\/\\\/www.afadoc.it\\\/wp22\\\/wp-content\\\/uploads\\\/2020\\\/05\\\/C_17_notizie_4689_immagineEvidenza.jpg\",\"width\":700,\"height\":390},\"datePublished\":\"2020-05-08T15:20:42+02:00\",\"dateModified\":\"2022-10-18T17:32:59+02:00\",\"inLanguage\":\"it-IT\",\"mainEntityOfPage\":{\"@id\":\"https:\\\/\\\/www.afadoc.it\\\/wp22\\\/?p=6725#webpage\"},\"isPartOf\":{\"@id\":\"https:\\\/\\\/www.afadoc.it\\\/wp22\\\/?p=6725#webpage\"},\"articleSection\":\"covid19, 2020, Ministero della Salute\"},{\"@type\":\"BreadcrumbList\",\"@id\":\"https:\\\/\\\/www.afadoc.it\\\/wp22\\\/?p=6725#breadcrumblist\",\"itemListElement\":[{\"@type\":\"ListItem\",\"@id\":\"https:\\\/\\\/www.afadoc.it\\\/wp22#listItem\",\"position\":1,\"name\":\"Home\",\"item\":\"https:\\\/\\\/www.afadoc.it\\\/wp22\",\"nextItem\":{\"@type\":\"ListItem\",\"@id\":\"https:\\\/\\\/www.afadoc.it\\\/wp22\\\/?cat=300#listItem\",\"name\":\"covid19\"}},{\"@type\":\"ListItem\",\"@id\":\"https:\\\/\\\/www.afadoc.it\\\/wp22\\\/?cat=300#listItem\",\"position\":2,\"name\":\"covid19\",\"item\":\"https:\\\/\\\/www.afadoc.it\\\/wp22\\\/?cat=300\",\"nextItem\":{\"@type\":\"ListItem\",\"@id\":\"https:\\\/\\\/www.afadoc.it\\\/wp22\\\/?p=6725#listItem\",\"name\":\"Ministero della Salute: 7 passi per vivere consapevol_MENTE la \\u201cfase 2\\u201d\"},\"previousItem\":{\"@type\":\"ListItem\",\"@id\":\"https:\\\/\\\/www.afadoc.it\\\/wp22#listItem\",\"name\":\"Home\"}},{\"@type\":\"ListItem\",\"@id\":\"https:\\\/\\\/www.afadoc.it\\\/wp22\\\/?p=6725#listItem\",\"position\":3,\"name\":\"Ministero della Salute: 7 passi per vivere consapevol_MENTE la \\u201cfase 2\\u201d\",\"previousItem\":{\"@type\":\"ListItem\",\"@id\":\"https:\\\/\\\/www.afadoc.it\\\/wp22\\\/?cat=300#listItem\",\"name\":\"covid19\"}}]},{\"@type\":\"Organization\",\"@id\":\"https:\\\/\\\/www.afadoc.it\\\/wp22\\\/#organization\",\"name\":\"Associazione di famiglie di soggetti con deficit Ormone della Crescita e altre patologie Rare\",\"description\":\"Associazione Famiglie Deficit Ormone della Crescita ed altre patologie rare\",\"url\":\"https:\\\/\\\/www.afadoc.it\\\/wp22\\\/\",\"telephone\":\"+390444301570\",\"logo\":{\"@type\":\"ImageObject\",\"url\":\"https:\\\/\\\/www.afadoc.it\\\/wp\\\/wp-content\\\/uploads\\\/2021\\\/07\\\/Schermata-2021-07-12-alle-15.41.02.jpg\",\"@id\":\"https:\\\/\\\/www.afadoc.it\\\/wp22\\\/?p=6725\\\/#organizationLogo\"},\"image\":{\"@id\":\"https:\\\/\\\/www.afadoc.it\\\/wp22\\\/?p=6725\\\/#organizationLogo\"},\"sameAs\":[\"https:\\\/\\\/www.facebook.com\\\/afadoc\\\/\",\"https:\\\/\\\/twitter.com\\\/AfadocOnlus\",\"https:\\\/\\\/www.instagram.com\\\/associazioneafadoc\\\/\",\"https:\\\/\\\/www.youtube.com\\\/user\\\/afadoctv\",\"https:\\\/\\\/www.linkedin.com\\\/in\\\/afadoc\\\/\"]},{\"@type\":\"Person\",\"@id\":\"https:\\\/\\\/www.afadoc.it\\\/wp22\\\/?author=1#author\",\"url\":\"https:\\\/\\\/www.afadoc.it\\\/wp22\\\/?author=1\",\"name\":\"Cinzia Sacchetti\"},{\"@type\":\"WebPage\",\"@id\":\"https:\\\/\\\/www.afadoc.it\\\/wp22\\\/?p=6725#webpage\",\"url\":\"https:\\\/\\\/www.afadoc.it\\\/wp22\\\/?p=6725\",\"name\":\"Ministero della Salute: 7 passi per vivere consapevol_MENTE la \\u201cfase 2\\u201d | A.Fa.D.O.C. aps\",\"description\":\"In questo momento storico, estremamente complesso, da un punto di vista sia sanitario che psicologico, tutti noi siamo impegnati ad affrontare una fase di ristrutturazione dei rapporti sociali, lavorativi e personali. La salute assume un ruolo chiave e mai come oggi \\u00e8 il risultato di un\\u2019azione collettiva. \\u00c8, quindi, fondamentale acquisire la consapevolezza che\",\"inLanguage\":\"it-IT\",\"isPartOf\":{\"@id\":\"https:\\\/\\\/www.afadoc.it\\\/wp22\\\/#website\"},\"breadcrumb\":{\"@id\":\"https:\\\/\\\/www.afadoc.it\\\/wp22\\\/?p=6725#breadcrumblist\"},\"author\":{\"@id\":\"https:\\\/\\\/www.afadoc.it\\\/wp22\\\/?author=1#author\"},\"creator\":{\"@id\":\"https:\\\/\\\/www.afadoc.it\\\/wp22\\\/?author=1#author\"},\"image\":{\"@type\":\"ImageObject\",\"url\":\"https:\\\/\\\/www.afadoc.it\\\/wp22\\\/wp-content\\\/uploads\\\/2020\\\/05\\\/C_17_notizie_4689_immagineEvidenza.jpg\",\"@id\":\"https:\\\/\\\/www.afadoc.it\\\/wp22\\\/?p=6725\\\/#mainImage\",\"width\":700,\"height\":390},\"primaryImageOfPage\":{\"@id\":\"https:\\\/\\\/www.afadoc.it\\\/wp22\\\/?p=6725#mainImage\"},\"datePublished\":\"2020-05-08T15:20:42+02:00\",\"dateModified\":\"2022-10-18T17:32:59+02:00\"},{\"@type\":\"WebSite\",\"@id\":\"https:\\\/\\\/www.afadoc.it\\\/wp22\\\/#website\",\"url\":\"https:\\\/\\\/www.afadoc.it\\\/wp22\\\/\",\"name\":\"A.Fa.D.O.C. odv\",\"description\":\"Associazione Famiglie Deficit Ormone della Crescita ed altre patologie rare\",\"inLanguage\":\"it-IT\",\"publisher\":{\"@id\":\"https:\\\/\\\/www.afadoc.it\\\/wp22\\\/#organization\"}}]}\n\t\t<\/script>\n\t\t<!-- All in One SEO -->\n\n","aioseo_head_json":{"title":"Ministero della Salute: 7 passi per vivere consapevol_MENTE la \u201cfase 2\u201d | A.Fa.D.O.C. aps","description":"In questo momento storico, estremamente complesso, da un punto di vista sia sanitario che psicologico, tutti noi siamo impegnati ad affrontare una fase di ristrutturazione dei rapporti sociali, lavorativi e personali. La salute assume un ruolo chiave e mai come oggi \u00e8 il risultato di un\u2019azione collettiva. \u00c8, quindi, fondamentale acquisire la consapevolezza che","canonical_url":"https:\/\/www.afadoc.it\/wp22\/?p=6725","robots":"max-image-preview:large","keywords":"2020,ministero della salute","webmasterTools":{"miscellaneous":""},"schema":{"@context":"https:\/\/schema.org","@graph":[{"@type":"Article","@id":"https:\/\/www.afadoc.it\/wp22\/?p=6725#article","name":"Ministero della Salute: 7 passi per vivere consapevol_MENTE la \u201cfase 2\u201d | A.Fa.D.O.C. aps","headline":"Ministero della Salute: 7 passi per vivere consapevol_MENTE la \u201cfase 2\u201d","author":{"@id":"https:\/\/www.afadoc.it\/wp22\/?author=1#author"},"publisher":{"@id":"https:\/\/www.afadoc.it\/wp22\/#organization"},"image":{"@type":"ImageObject","url":"https:\/\/www.afadoc.it\/wp22\/wp-content\/uploads\/2020\/05\/C_17_notizie_4689_immagineEvidenza.jpg","width":700,"height":390},"datePublished":"2020-05-08T15:20:42+02:00","dateModified":"2022-10-18T17:32:59+02:00","inLanguage":"it-IT","mainEntityOfPage":{"@id":"https:\/\/www.afadoc.it\/wp22\/?p=6725#webpage"},"isPartOf":{"@id":"https:\/\/www.afadoc.it\/wp22\/?p=6725#webpage"},"articleSection":"covid19, 2020, Ministero della Salute"},{"@type":"BreadcrumbList","@id":"https:\/\/www.afadoc.it\/wp22\/?p=6725#breadcrumblist","itemListElement":[{"@type":"ListItem","@id":"https:\/\/www.afadoc.it\/wp22#listItem","position":1,"name":"Home","item":"https:\/\/www.afadoc.it\/wp22","nextItem":{"@type":"ListItem","@id":"https:\/\/www.afadoc.it\/wp22\/?cat=300#listItem","name":"covid19"}},{"@type":"ListItem","@id":"https:\/\/www.afadoc.it\/wp22\/?cat=300#listItem","position":2,"name":"covid19","item":"https:\/\/www.afadoc.it\/wp22\/?cat=300","nextItem":{"@type":"ListItem","@id":"https:\/\/www.afadoc.it\/wp22\/?p=6725#listItem","name":"Ministero della Salute: 7 passi per vivere consapevol_MENTE la \u201cfase 2\u201d"},"previousItem":{"@type":"ListItem","@id":"https:\/\/www.afadoc.it\/wp22#listItem","name":"Home"}},{"@type":"ListItem","@id":"https:\/\/www.afadoc.it\/wp22\/?p=6725#listItem","position":3,"name":"Ministero della Salute: 7 passi per vivere consapevol_MENTE la \u201cfase 2\u201d","previousItem":{"@type":"ListItem","@id":"https:\/\/www.afadoc.it\/wp22\/?cat=300#listItem","name":"covid19"}}]},{"@type":"Organization","@id":"https:\/\/www.afadoc.it\/wp22\/#organization","name":"Associazione di famiglie di soggetti con deficit Ormone della Crescita e altre patologie Rare","description":"Associazione Famiglie Deficit Ormone della Crescita ed altre patologie rare","url":"https:\/\/www.afadoc.it\/wp22\/","telephone":"+390444301570","logo":{"@type":"ImageObject","url":"https:\/\/www.afadoc.it\/wp\/wp-content\/uploads\/2021\/07\/Schermata-2021-07-12-alle-15.41.02.jpg","@id":"https:\/\/www.afadoc.it\/wp22\/?p=6725\/#organizationLogo"},"image":{"@id":"https:\/\/www.afadoc.it\/wp22\/?p=6725\/#organizationLogo"},"sameAs":["https:\/\/www.facebook.com\/afadoc\/","https:\/\/twitter.com\/AfadocOnlus","https:\/\/www.instagram.com\/associazioneafadoc\/","https:\/\/www.youtube.com\/user\/afadoctv","https:\/\/www.linkedin.com\/in\/afadoc\/"]},{"@type":"Person","@id":"https:\/\/www.afadoc.it\/wp22\/?author=1#author","url":"https:\/\/www.afadoc.it\/wp22\/?author=1","name":"Cinzia Sacchetti"},{"@type":"WebPage","@id":"https:\/\/www.afadoc.it\/wp22\/?p=6725#webpage","url":"https:\/\/www.afadoc.it\/wp22\/?p=6725","name":"Ministero della Salute: 7 passi per vivere consapevol_MENTE la \u201cfase 2\u201d | A.Fa.D.O.C. aps","description":"In questo momento storico, estremamente complesso, da un punto di vista sia sanitario che psicologico, tutti noi siamo impegnati ad affrontare una fase di ristrutturazione dei rapporti sociali, lavorativi e personali. La salute assume un ruolo chiave e mai come oggi \u00e8 il risultato di un\u2019azione collettiva. \u00c8, quindi, fondamentale acquisire la consapevolezza che","inLanguage":"it-IT","isPartOf":{"@id":"https:\/\/www.afadoc.it\/wp22\/#website"},"breadcrumb":{"@id":"https:\/\/www.afadoc.it\/wp22\/?p=6725#breadcrumblist"},"author":{"@id":"https:\/\/www.afadoc.it\/wp22\/?author=1#author"},"creator":{"@id":"https:\/\/www.afadoc.it\/wp22\/?author=1#author"},"image":{"@type":"ImageObject","url":"https:\/\/www.afadoc.it\/wp22\/wp-content\/uploads\/2020\/05\/C_17_notizie_4689_immagineEvidenza.jpg","@id":"https:\/\/www.afadoc.it\/wp22\/?p=6725\/#mainImage","width":700,"height":390},"primaryImageOfPage":{"@id":"https:\/\/www.afadoc.it\/wp22\/?p=6725#mainImage"},"datePublished":"2020-05-08T15:20:42+02:00","dateModified":"2022-10-18T17:32:59+02:00"},{"@type":"WebSite","@id":"https:\/\/www.afadoc.it\/wp22\/#website","url":"https:\/\/www.afadoc.it\/wp22\/","name":"A.Fa.D.O.C. odv","description":"Associazione Famiglie Deficit Ormone della Crescita ed altre patologie rare","inLanguage":"it-IT","publisher":{"@id":"https:\/\/www.afadoc.it\/wp22\/#organization"}}]},"og:locale":"it_IT","og:site_name":"A.Fa.D.O.C. odv","og:type":"article","og:title":"Ministero della Salute: 7 passi per vivere consapevol_MENTE la \u201cfase 2\u201d | A.Fa.D.O.C. aps","og:description":"In questo momento storico, estremamente complesso, da un punto di vista sia sanitario che psicologico, tutti noi siamo impegnati ad affrontare una fase di ristrutturazione dei rapporti sociali, lavorativi e personali. La salute assume un ruolo chiave e mai come oggi \u00e8 il risultato di un\u2019azione collettiva. \u00c8, quindi, fondamentale acquisire la consapevolezza che","og:url":"https:\/\/www.afadoc.it\/wp22\/?p=6725","og:image":"https:\/\/www.afadoc.it\/wp22\/wp-content\/uploads\/2020\/05\/C_17_notizie_4689_immagineEvidenza.jpg","og:image:secure_url":"https:\/\/www.afadoc.it\/wp22\/wp-content\/uploads\/2020\/05\/C_17_notizie_4689_immagineEvidenza.jpg","og:image:width":700,"og:image:height":390,"article:published_time":"2020-05-08T13:20:42+00:00","article:modified_time":"2022-10-18T15:32:59+00:00","article:publisher":"https:\/\/www.facebook.com\/afadoc\/","twitter:card":"summary","twitter:site":"@AfadocOnlus","twitter:title":"Ministero della Salute: 7 passi per vivere consapevol_MENTE la \u201cfase 2\u201d | A.Fa.D.O.C. aps","twitter:description":"In questo momento storico, estremamente complesso, da un punto di vista sia sanitario che psicologico, tutti noi siamo impegnati ad affrontare una fase di ristrutturazione dei rapporti sociali, lavorativi e personali. La salute assume un ruolo chiave e mai come oggi \u00e8 il risultato di un\u2019azione collettiva. \u00c8, quindi, fondamentale acquisire la consapevolezza che","twitter:creator":"@AfadocOnlus","twitter:image":"https:\/\/www.afadoc.it\/wp22\/wp-content\/uploads\/2020\/05\/C_17_notizie_4689_immagineEvidenza.jpg"},"aioseo_meta_data":{"post_id":"6725","title":null,"description":null,"keywords":null,"keyphrases":null,"primary_term":null,"canonical_url":null,"og_title":null,"og_description":null,"og_object_type":"default","og_image_type":"default","og_image_url":null,"og_image_width":null,"og_image_height":null,"og_image_custom_url":null,"og_image_custom_fields":null,"og_video":null,"og_custom_url":null,"og_article_section":null,"og_article_tags":null,"twitter_use_og":false,"twitter_card":"default","twitter_image_type":"default","twitter_image_url":null,"twitter_image_custom_url":null,"twitter_image_custom_fields":null,"twitter_title":null,"twitter_description":null,"schema":{"blockGraphs":[],"customGraphs":[],"default":{"data":{"Article":[],"Course":[],"Dataset":[],"FAQPage":[],"Movie":[],"Person":[],"Product":[],"ProductReview":[],"Car":[],"Recipe":[],"Service":[],"SoftwareApplication":[],"WebPage":[]},"graphName":"","isEnabled":true},"graphs":[],"defaultGraph":"","defaultPostTypeGraph":""},"schema_type":null,"schema_type_options":null,"pillar_content":false,"robots_default":true,"robots_noindex":false,"robots_noarchive":false,"robots_nosnippet":false,"robots_nofollow":false,"robots_noimageindex":false,"robots_noodp":false,"robots_notranslate":false,"robots_max_snippet":null,"robots_max_videopreview":null,"robots_max_imagepreview":"large","priority":null,"frequency":null,"location":null,"local_seo":null,"breadcrumb_settings":null,"limit_modified_date":false,"ai":null,"created":"2020-12-23 16:00:43","updated":"2022-09-15 16:46:04","seo_analyzer_scan_date":null,"focus_keyword":null,"additional_keywords":null,"truseo_locale":null},"_links":{"self":[{"href":"https:\/\/www.afadoc.it\/wp22\/index.php?rest_route=\/wp\/v2\/posts\/6725"}],"collection":[{"href":"https:\/\/www.afadoc.it\/wp22\/index.php?rest_route=\/wp\/v2\/posts"}],"about":[{"href":"https:\/\/www.afadoc.it\/wp22\/index.php?rest_route=\/wp\/v2\/types\/post"}],"author":[{"embeddable":true,"href":"https:\/\/www.afadoc.it\/wp22\/index.php?rest_route=\/wp\/v2\/users\/1"}],"replies":[{"embeddable":true,"href":"https:\/\/www.afadoc.it\/wp22\/index.php?rest_route=%2Fwp%2Fv2%2Fcomments&post=6725"}],"version-history":[{"count":2,"href":"https:\/\/www.afadoc.it\/wp22\/index.php?rest_route=\/wp\/v2\/posts\/6725\/revisions"}],"predecessor-version":[{"id":6730,"href":"https:\/\/www.afadoc.it\/wp22\/index.php?rest_route=\/wp\/v2\/posts\/6725\/revisions\/6730"}],"wp:featuredmedia":[{"embeddable":true,"href":"https:\/\/www.afadoc.it\/wp22\/index.php?rest_route=\/wp\/v2\/media\/6726"}],"wp:attachment":[{"href":"https:\/\/www.afadoc.it\/wp22\/index.php?rest_route=%2Fwp%2Fv2%2Fmedia&parent=6725"}],"wp:term":[{"taxonomy":"category","embeddable":true,"href":"https:\/\/www.afadoc.it\/wp22\/index.php?rest_route=%2Fwp%2Fv2%2Fcategories&post=6725"},{"taxonomy":"post_tag","embeddable":true,"href":"https:\/\/www.afadoc.it\/wp22\/index.php?rest_route=%2Fwp%2Fv2%2Ftags&post=6725"}],"curies":[{"name":"wp","href":"https:\/\/api.w.org\/{rel}","templated":true}]}}