{"id":12840,"date":"2026-08-24T09:12:26","date_gmt":"2026-08-24T07:12:26","guid":{"rendered":"https:\/\/www.afadoc.it\/wp22\/?p=12840"},"modified":"2026-08-24T09:14:17","modified_gmt":"2026-08-24T07:14:17","slug":"joyful-summer-una-serata-di-gospel-e-solidarieta-a-sostegno-di-a-fa-d-o-c-aps","status":"publish","type":"post","link":"https:\/\/www.afadoc.it\/wp22\/?p=12840","title":{"rendered":"Joyful Summer: una serata di Gospel e solidariet\u00e0 a sostegno di A.Fa.D.O.C."},"content":{"rendered":"<p><strong><img decoding=\"async\" loading=\"lazy\" class=\"aligncenter wp-image-12841\" src=\"https:\/\/www.afadoc.it\/wp22\/wp-content\/uploads\/2026\/08\/PHOTO-2026-08-22-10-27-33-2-1024x858.jpg\" alt=\"\" width=\"847\" height=\"710\" srcset=\"https:\/\/www.afadoc.it\/wp22\/wp-content\/uploads\/2026\/08\/PHOTO-2026-08-22-10-27-33-2-1024x858.jpg 1024w, https:\/\/www.afadoc.it\/wp22\/wp-content\/uploads\/2026\/08\/PHOTO-2026-08-22-10-27-33-2-300x251.jpg 300w, https:\/\/www.afadoc.it\/wp22\/wp-content\/uploads\/2026\/08\/PHOTO-2026-08-22-10-27-33-2-768x644.jpg 768w, https:\/\/www.afadoc.it\/wp22\/wp-content\/uploads\/2026\/08\/PHOTO-2026-08-22-10-27-33-2.jpg 1280w\" sizes=\"(max-width: 847px) 100vw, 847px\" \/><\/strong><\/p>\n<p><strong>Domenica 13 settembre 2026, alle ore 18.00, Villa Maffei Costalunga a Castegnero Nanto (VI) ospiter\u00e0 \u201cJoyful Summer \u2013 Estate di Gospel e Solidariet\u00e0\u201d, un appuntamento dedicato alla musica, alla condivisione e alla solidariet\u00e0.<\/strong><\/p>\n<p>La serata vedr\u00e0 protagonista il <strong>BluGospel<\/strong>, che si esibir\u00e0 in concerto sotto la direzione di <strong>Lorella Miotello<\/strong>. Ad arricchire l&#8217;evento ci sar\u00e0 la partecipazione speciale del soprano <strong>Ilaria Gusella<\/strong>.<\/p>\n<p>L&#8217;iniziativa \u00e8 organizzata a favore di <strong>A.Fa.D.O.C. ApS<\/strong>.<\/p>\n<p>L&#8217;ingresso alla serata \u00e8 <strong>gratuito<\/strong>, con la possibilit\u00e0 di lasciare un&#8217;<strong>offerta libera e responsabile<\/strong> a sostegno delle attivit\u00e0 dell&#8217;associazione. Un gesto concreto che permetter\u00e0 di trasformare una piacevole serata di musica in un&#8217;importante occasione di solidariet\u00e0.<\/p>\n<p>&#x1f4c5; <strong>Domenica 13 settembre 2026<\/strong><br \/>\n&#x1f555; <strong>Ore 18.00<\/strong><br \/>\n&#x1f4cd; <strong>Villa Maffei Costalunga<\/strong><br \/>\nVia Fontana Fozze 39 \u2013 Castegnero Nanto (VI)<\/p>\n<p>&#x26a0;&#xfe0f; <strong>La prenotazione dei posti \u00e8 obbligatoria.<\/strong><br \/>\nPer prenotare: <strong>349 495 4019<\/strong><\/p>\n<p>Al termine della serata sar\u00e0 inoltre offerto un rinfresco a tutti i partecipanti.<\/p>\n<p>Invitiamo soci, famiglie, sostenitori, amici e chiunque desideri conoscere e sostenere A.Fa.D.O.C. a partecipare a questa speciale serata: <strong>un&#8217;occasione per stare insieme, lasciarsi emozionare dalla musica e contribuire alla nostra missione.<\/strong><\/p>\n<p>Vi aspettiamo a <strong>Joyful Summer<\/strong> per condividere una serata di musica, speranza e solidariet\u00e0. &#x1f49c;<\/p>\n","protected":false},"excerpt":{"rendered":"Domenica 13 settembre 2026","protected":false},"author":1,"featured_media":12841,"comment_status":"open","ping_status":"open","sticky":false,"template":"","format":"standard","meta":[],"categories":[470],"tags":[536],"aioseo_notices":[],"aioseo_head":"\n\t\t<!-- All in One SEO 5.0.0.1 - aioseo.com -->\n\t<meta name=\"description\" content=\"Domenica 13 settembre 2026\" \/>\n\t<meta name=\"robots\" content=\"max-image-preview:large\" \/>\n\t<meta name=\"author\" content=\"Cinzia Sacchetti\"\/>\n\t<meta name=\"keywords\" content=\"2026\" \/>\n\t<link rel=\"canonical\" href=\"https:\/\/www.afadoc.it\/wp22\/?p=12840\" \/>\n\t<meta name=\"generator\" content=\"All in One SEO (AIOSEO) 5.0.0.1\" \/>\n\t\t<meta property=\"og:locale\" content=\"it_IT\" \/>\n\t\t<meta property=\"og:site_name\" content=\"A.Fa.D.O.C. odv\" \/>\n\t\t<meta property=\"og:type\" content=\"article\" \/>\n\t\t<meta property=\"og:title\" content=\"Joyful Summer: una serata di Gospel e solidariet\u00e0 a sostegno di A.Fa.D.O.C. | A.Fa.D.O.C. aps\" \/>\n\t\t<meta property=\"og:description\" content=\"Domenica 13 settembre 2026\" \/>\n\t\t<meta property=\"og:url\" content=\"https:\/\/www.afadoc.it\/wp22\/?p=12840\" \/>\n\t\t<meta property=\"og:image\" content=\"https:\/\/www.afadoc.it\/wp22\/wp-content\/uploads\/2026\/08\/PHOTO-2026-08-22-10-27-33-2.jpg\" \/>\n\t\t<meta property=\"og:image:secure_url\" content=\"https:\/\/www.afadoc.it\/wp22\/wp-content\/uploads\/2026\/08\/PHOTO-2026-08-22-10-27-33-2.jpg\" \/>\n\t\t<meta property=\"og:image:width\" content=\"1280\" \/>\n\t\t<meta property=\"og:image:height\" content=\"1073\" \/>\n\t\t<meta property=\"article:published_time\" content=\"2026-08-24T07:12:26+00:00\" \/>\n\t\t<meta property=\"article:modified_time\" content=\"2026-08-24T07:14:17+00:00\" \/>\n\t\t<meta property=\"article:publisher\" content=\"https:\/\/www.facebook.com\/afadoc\/\" \/>\n\t\t<meta name=\"twitter:card\" content=\"summary\" \/>\n\t\t<meta name=\"twitter:site\" content=\"@AfadocOnlus\" \/>\n\t\t<meta name=\"twitter:title\" content=\"Joyful Summer: una serata di Gospel e solidariet\u00e0 a sostegno di A.Fa.D.O.C. | A.Fa.D.O.C. aps\" \/>\n\t\t<meta name=\"twitter:description\" content=\"Domenica 13 settembre 2026\" \/>\n\t\t<meta name=\"twitter:creator\" content=\"@AfadocOnlus\" \/>\n\t\t<meta name=\"twitter:image\" content=\"https:\/\/www.afadoc.it\/wp22\/wp-content\/uploads\/2026\/08\/PHOTO-2026-08-22-10-27-33-2.jpg\" \/>\n\t\t<script type=\"application\/ld+json\" class=\"aioseo-schema\">\n\t\t\t{\"@context\":\"https:\\\/\\\/schema.org\",\"@graph\":[{\"@type\":\"Article\",\"@id\":\"https:\\\/\\\/www.afadoc.it\\\/wp22\\\/?p=12840#article\",\"name\":\"Joyful Summer: una serata di Gospel e solidariet\\u00e0 a sostegno di A.Fa.D.O.C. | A.Fa.D.O.C. aps\",\"headline\":\"Joyful Summer: una serata di Gospel e solidariet\\u00e0 a sostegno di A.Fa.D.O.C.\",\"author\":{\"@id\":\"https:\\\/\\\/www.afadoc.it\\\/wp22\\\/?author=1#author\"},\"publisher\":{\"@id\":\"https:\\\/\\\/www.afadoc.it\\\/wp22\\\/#organization\"},\"image\":{\"@type\":\"ImageObject\",\"url\":\"https:\\\/\\\/www.afadoc.it\\\/wp22\\\/wp-content\\\/uploads\\\/2026\\\/08\\\/PHOTO-2026-08-22-10-27-33-2.jpg\",\"width\":1280,\"height\":1073},\"datePublished\":\"2026-08-24T09:12:26+02:00\",\"dateModified\":\"2026-08-24T09:14:17+02:00\",\"inLanguage\":\"it-IT\",\"mainEntityOfPage\":{\"@id\":\"https:\\\/\\\/www.afadoc.it\\\/wp22\\\/?p=12840#webpage\"},\"isPartOf\":{\"@id\":\"https:\\\/\\\/www.afadoc.it\\\/wp22\\\/?p=12840#webpage\"},\"articleSection\":\"Evidenza, 2026\"},{\"@type\":\"BreadcrumbList\",\"@id\":\"https:\\\/\\\/www.afadoc.it\\\/wp22\\\/?p=12840#breadcrumblist\",\"itemListElement\":[{\"@type\":\"ListItem\",\"@id\":\"https:\\\/\\\/www.afadoc.it\\\/wp22#listItem\",\"position\":1,\"name\":\"Home\",\"item\":\"https:\\\/\\\/www.afadoc.it\\\/wp22\",\"nextItem\":{\"@type\":\"ListItem\",\"@id\":\"https:\\\/\\\/www.afadoc.it\\\/wp22\\\/?cat=470#listItem\",\"name\":\"Evidenza\"}},{\"@type\":\"ListItem\",\"@id\":\"https:\\\/\\\/www.afadoc.it\\\/wp22\\\/?cat=470#listItem\",\"position\":2,\"name\":\"Evidenza\",\"item\":\"https:\\\/\\\/www.afadoc.it\\\/wp22\\\/?cat=470\",\"nextItem\":{\"@type\":\"ListItem\",\"@id\":\"https:\\\/\\\/www.afadoc.it\\\/wp22\\\/?p=12840#listItem\",\"name\":\"Joyful Summer: una serata di Gospel e solidariet\\u00e0 a sostegno di A.Fa.D.O.C.\"},\"previousItem\":{\"@type\":\"ListItem\",\"@id\":\"https:\\\/\\\/www.afadoc.it\\\/wp22#listItem\",\"name\":\"Home\"}},{\"@type\":\"ListItem\",\"@id\":\"https:\\\/\\\/www.afadoc.it\\\/wp22\\\/?p=12840#listItem\",\"position\":3,\"name\":\"Joyful Summer: una serata di Gospel e solidariet\\u00e0 a sostegno di A.Fa.D.O.C.\",\"previousItem\":{\"@type\":\"ListItem\",\"@id\":\"https:\\\/\\\/www.afadoc.it\\\/wp22\\\/?cat=470#listItem\",\"name\":\"Evidenza\"}}]},{\"@type\":\"Organization\",\"@id\":\"https:\\\/\\\/www.afadoc.it\\\/wp22\\\/#organization\",\"name\":\"Associazione di famiglie di soggetti con deficit Ormone della Crescita e altre patologie Rare\",\"description\":\"Associazione Famiglie Deficit Ormone della Crescita ed altre patologie rare\",\"url\":\"https:\\\/\\\/www.afadoc.it\\\/wp22\\\/\",\"telephone\":\"+390444301570\",\"logo\":{\"@type\":\"ImageObject\",\"url\":\"https:\\\/\\\/www.afadoc.it\\\/wp\\\/wp-content\\\/uploads\\\/2021\\\/07\\\/Schermata-2021-07-12-alle-15.41.02.jpg\",\"@id\":\"https:\\\/\\\/www.afadoc.it\\\/wp22\\\/?p=12840\\\/#organizationLogo\"},\"image\":{\"@id\":\"https:\\\/\\\/www.afadoc.it\\\/wp22\\\/?p=12840\\\/#organizationLogo\"},\"sameAs\":[\"https:\\\/\\\/www.facebook.com\\\/afadoc\\\/\",\"https:\\\/\\\/twitter.com\\\/AfadocOnlus\",\"https:\\\/\\\/www.instagram.com\\\/associazioneafadoc\\\/\",\"https:\\\/\\\/www.youtube.com\\\/user\\\/afadoctv\",\"https:\\\/\\\/www.linkedin.com\\\/in\\\/afadoc\\\/\"]},{\"@type\":\"Person\",\"@id\":\"https:\\\/\\\/www.afadoc.it\\\/wp22\\\/?author=1#author\",\"url\":\"https:\\\/\\\/www.afadoc.it\\\/wp22\\\/?author=1\",\"name\":\"Cinzia Sacchetti\"},{\"@type\":\"WebPage\",\"@id\":\"https:\\\/\\\/www.afadoc.it\\\/wp22\\\/?p=12840#webpage\",\"url\":\"https:\\\/\\\/www.afadoc.it\\\/wp22\\\/?p=12840\",\"name\":\"Joyful Summer: una serata di Gospel e solidariet\\u00e0 a sostegno di A.Fa.D.O.C. | A.Fa.D.O.C. aps\",\"description\":\"Domenica 13 settembre 2026\",\"inLanguage\":\"it-IT\",\"isPartOf\":{\"@id\":\"https:\\\/\\\/www.afadoc.it\\\/wp22\\\/#website\"},\"breadcrumb\":{\"@id\":\"https:\\\/\\\/www.afadoc.it\\\/wp22\\\/?p=12840#breadcrumblist\"},\"author\":{\"@id\":\"https:\\\/\\\/www.afadoc.it\\\/wp22\\\/?author=1#author\"},\"creator\":{\"@id\":\"https:\\\/\\\/www.afadoc.it\\\/wp22\\\/?author=1#author\"},\"image\":{\"@type\":\"ImageObject\",\"url\":\"https:\\\/\\\/www.afadoc.it\\\/wp22\\\/wp-content\\\/uploads\\\/2026\\\/08\\\/PHOTO-2026-08-22-10-27-33-2.jpg\",\"@id\":\"https:\\\/\\\/www.afadoc.it\\\/wp22\\\/?p=12840\\\/#mainImage\",\"width\":1280,\"height\":1073},\"primaryImageOfPage\":{\"@id\":\"https:\\\/\\\/www.afadoc.it\\\/wp22\\\/?p=12840#mainImage\"},\"datePublished\":\"2026-08-24T09:12:26+02:00\",\"dateModified\":\"2026-08-24T09:14:17+02:00\"},{\"@type\":\"WebSite\",\"@id\":\"https:\\\/\\\/www.afadoc.it\\\/wp22\\\/#website\",\"url\":\"https:\\\/\\\/www.afadoc.it\\\/wp22\\\/\",\"name\":\"A.Fa.D.O.C. odv\",\"description\":\"Associazione Famiglie Deficit Ormone della Crescita ed altre patologie rare\",\"inLanguage\":\"it-IT\",\"publisher\":{\"@id\":\"https:\\\/\\\/www.afadoc.it\\\/wp22\\\/#organization\"}}]}\n\t\t<\/script>\n\t\t<!-- All in One SEO -->\n\n","aioseo_head_json":{"title":"Joyful Summer: una serata di Gospel e solidariet\u00e0 a sostegno di A.Fa.D.O.C. | A.Fa.D.O.C. aps","description":"Domenica 13 settembre 2026","canonical_url":"https:\/\/www.afadoc.it\/wp22\/?p=12840","robots":"max-image-preview:large","keywords":"2026","webmasterTools":{"miscellaneous":""},"schema":{"@context":"https:\/\/schema.org","@graph":[{"@type":"Article","@id":"https:\/\/www.afadoc.it\/wp22\/?p=12840#article","name":"Joyful Summer: una serata di Gospel e solidariet\u00e0 a sostegno di A.Fa.D.O.C. | A.Fa.D.O.C. aps","headline":"Joyful Summer: una serata di Gospel e solidariet\u00e0 a sostegno di A.Fa.D.O.C.","author":{"@id":"https:\/\/www.afadoc.it\/wp22\/?author=1#author"},"publisher":{"@id":"https:\/\/www.afadoc.it\/wp22\/#organization"},"image":{"@type":"ImageObject","url":"https:\/\/www.afadoc.it\/wp22\/wp-content\/uploads\/2026\/08\/PHOTO-2026-08-22-10-27-33-2.jpg","width":1280,"height":1073},"datePublished":"2026-08-24T09:12:26+02:00","dateModified":"2026-08-24T09:14:17+02:00","inLanguage":"it-IT","mainEntityOfPage":{"@id":"https:\/\/www.afadoc.it\/wp22\/?p=12840#webpage"},"isPartOf":{"@id":"https:\/\/www.afadoc.it\/wp22\/?p=12840#webpage"},"articleSection":"Evidenza, 2026"},{"@type":"BreadcrumbList","@id":"https:\/\/www.afadoc.it\/wp22\/?p=12840#breadcrumblist","itemListElement":[{"@type":"ListItem","@id":"https:\/\/www.afadoc.it\/wp22#listItem","position":1,"name":"Home","item":"https:\/\/www.afadoc.it\/wp22","nextItem":{"@type":"ListItem","@id":"https:\/\/www.afadoc.it\/wp22\/?cat=470#listItem","name":"Evidenza"}},{"@type":"ListItem","@id":"https:\/\/www.afadoc.it\/wp22\/?cat=470#listItem","position":2,"name":"Evidenza","item":"https:\/\/www.afadoc.it\/wp22\/?cat=470","nextItem":{"@type":"ListItem","@id":"https:\/\/www.afadoc.it\/wp22\/?p=12840#listItem","name":"Joyful Summer: una serata di Gospel e solidariet\u00e0 a sostegno di A.Fa.D.O.C."},"previousItem":{"@type":"ListItem","@id":"https:\/\/www.afadoc.it\/wp22#listItem","name":"Home"}},{"@type":"ListItem","@id":"https:\/\/www.afadoc.it\/wp22\/?p=12840#listItem","position":3,"name":"Joyful Summer: una serata di Gospel e solidariet\u00e0 a sostegno di A.Fa.D.O.C.","previousItem":{"@type":"ListItem","@id":"https:\/\/www.afadoc.it\/wp22\/?cat=470#listItem","name":"Evidenza"}}]},{"@type":"Organization","@id":"https:\/\/www.afadoc.it\/wp22\/#organization","name":"Associazione di famiglie di soggetti con deficit Ormone della Crescita e altre patologie Rare","description":"Associazione Famiglie Deficit Ormone della Crescita ed altre patologie rare","url":"https:\/\/www.afadoc.it\/wp22\/","telephone":"+390444301570","logo":{"@type":"ImageObject","url":"https:\/\/www.afadoc.it\/wp\/wp-content\/uploads\/2021\/07\/Schermata-2021-07-12-alle-15.41.02.jpg","@id":"https:\/\/www.afadoc.it\/wp22\/?p=12840\/#organizationLogo"},"image":{"@id":"https:\/\/www.afadoc.it\/wp22\/?p=12840\/#organizationLogo"},"sameAs":["https:\/\/www.facebook.com\/afadoc\/","https:\/\/twitter.com\/AfadocOnlus","https:\/\/www.instagram.com\/associazioneafadoc\/","https:\/\/www.youtube.com\/user\/afadoctv","https:\/\/www.linkedin.com\/in\/afadoc\/"]},{"@type":"Person","@id":"https:\/\/www.afadoc.it\/wp22\/?author=1#author","url":"https:\/\/www.afadoc.it\/wp22\/?author=1","name":"Cinzia Sacchetti"},{"@type":"WebPage","@id":"https:\/\/www.afadoc.it\/wp22\/?p=12840#webpage","url":"https:\/\/www.afadoc.it\/wp22\/?p=12840","name":"Joyful Summer: una serata di Gospel e solidariet\u00e0 a sostegno di A.Fa.D.O.C. | A.Fa.D.O.C. aps","description":"Domenica 13 settembre 2026","inLanguage":"it-IT","isPartOf":{"@id":"https:\/\/www.afadoc.it\/wp22\/#website"},"breadcrumb":{"@id":"https:\/\/www.afadoc.it\/wp22\/?p=12840#breadcrumblist"},"author":{"@id":"https:\/\/www.afadoc.it\/wp22\/?author=1#author"},"creator":{"@id":"https:\/\/www.afadoc.it\/wp22\/?author=1#author"},"image":{"@type":"ImageObject","url":"https:\/\/www.afadoc.it\/wp22\/wp-content\/uploads\/2026\/08\/PHOTO-2026-08-22-10-27-33-2.jpg","@id":"https:\/\/www.afadoc.it\/wp22\/?p=12840\/#mainImage","width":1280,"height":1073},"primaryImageOfPage":{"@id":"https:\/\/www.afadoc.it\/wp22\/?p=12840#mainImage"},"datePublished":"2026-08-24T09:12:26+02:00","dateModified":"2026-08-24T09:14:17+02:00"},{"@type":"WebSite","@id":"https:\/\/www.afadoc.it\/wp22\/#website","url":"https:\/\/www.afadoc.it\/wp22\/","name":"A.Fa.D.O.C. odv","description":"Associazione Famiglie Deficit Ormone della Crescita ed altre patologie rare","inLanguage":"it-IT","publisher":{"@id":"https:\/\/www.afadoc.it\/wp22\/#organization"}}]},"og:locale":"it_IT","og:site_name":"A.Fa.D.O.C. odv","og:type":"article","og:title":"Joyful Summer: una serata di Gospel e solidariet\u00e0 a sostegno di A.Fa.D.O.C. | A.Fa.D.O.C. aps","og:description":"Domenica 13 settembre 2026","og:url":"https:\/\/www.afadoc.it\/wp22\/?p=12840","og:image":"https:\/\/www.afadoc.it\/wp22\/wp-content\/uploads\/2026\/08\/PHOTO-2026-08-22-10-27-33-2.jpg","og:image:secure_url":"https:\/\/www.afadoc.it\/wp22\/wp-content\/uploads\/2026\/08\/PHOTO-2026-08-22-10-27-33-2.jpg","og:image:width":1280,"og:image:height":1073,"article:published_time":"2026-08-24T07:12:26+00:00","article:modified_time":"2026-08-24T07:14:17+00:00","article:publisher":"https:\/\/www.facebook.com\/afadoc\/","twitter:card":"summary","twitter:site":"@AfadocOnlus","twitter:title":"Joyful Summer: una serata di Gospel e solidariet\u00e0 a sostegno di A.Fa.D.O.C. | A.Fa.D.O.C. aps","twitter:description":"Domenica 13 settembre 2026","twitter:creator":"@AfadocOnlus","twitter:image":"https:\/\/www.afadoc.it\/wp22\/wp-content\/uploads\/2026\/08\/PHOTO-2026-08-22-10-27-33-2.jpg"},"aioseo_meta_data":{"post_id":"12840","title":null,"description":null,"keywords":null,"keyphrases":{"focus":[],"additional":[]},"primary_term":null,"canonical_url":null,"og_title":null,"og_description":null,"og_object_type":"default","og_image_type":"default","og_image_url":null,"og_image_width":null,"og_image_height":null,"og_image_custom_url":null,"og_image_custom_fields":null,"og_video":"","og_custom_url":null,"og_article_section":null,"og_article_tags":null,"twitter_use_og":false,"twitter_card":"default","twitter_image_type":"default","twitter_image_url":null,"twitter_image_custom_url":null,"twitter_image_custom_fields":null,"twitter_title":null,"twitter_description":null,"schema":{"blockGraphs":[],"customGraphs":[],"default":{"data":{"Article":[],"Course":[],"Dataset":[],"FAQPage":[],"Movie":[],"Person":[],"Product":[],"ProductReview":[],"Car":[],"Recipe":[],"Service":[],"SoftwareApplication":[],"WebPage":[]},"graphName":"Article","isEnabled":true},"graphs":[]},"schema_type":"default","schema_type_options":null,"pillar_content":false,"robots_default":true,"robots_noindex":false,"robots_noarchive":false,"robots_nosnippet":false,"robots_nofollow":false,"robots_noimageindex":false,"robots_noodp":false,"robots_notranslate":false,"robots_max_snippet":"-1","robots_max_videopreview":"-1","robots_max_imagepreview":"large","priority":null,"frequency":"default","location":null,"local_seo":null,"breadcrumb_settings":null,"limit_modified_date":false,"ai":{"faqs":[],"keyPoints":[],"schemas":[],"titles":[],"descriptions":[],"socialPosts":{"email":[],"linkedin":[],"twitter":[],"facebook":[],"instagram":[]}},"created":"2026-08-24 07:10:04","updated":"2026-09-01 08:46:25","seo_analyzer_scan_date":null,"focus_keyword":null,"additional_keywords":null,"truseo_locale":null},"_links":{"self":[{"href":"https:\/\/www.afadoc.it\/wp22\/index.php?rest_route=\/wp\/v2\/posts\/12840"}],"collection":[{"href":"https:\/\/www.afadoc.it\/wp22\/index.php?rest_route=\/wp\/v2\/posts"}],"about":[{"href":"https:\/\/www.afadoc.it\/wp22\/index.php?rest_route=\/wp\/v2\/types\/post"}],"author":[{"embeddable":true,"href":"https:\/\/www.afadoc.it\/wp22\/index.php?rest_route=\/wp\/v2\/users\/1"}],"replies":[{"embeddable":true,"href":"https:\/\/www.afadoc.it\/wp22\/index.php?rest_route=%2Fwp%2Fv2%2Fcomments&post=12840"}],"version-history":[{"count":4,"href":"https:\/\/www.afadoc.it\/wp22\/index.php?rest_route=\/wp\/v2\/posts\/12840\/revisions"}],"predecessor-version":[{"id":12845,"href":"https:\/\/www.afadoc.it\/wp22\/index.php?rest_route=\/wp\/v2\/posts\/12840\/revisions\/12845"}],"wp:featuredmedia":[{"embeddable":true,"href":"https:\/\/www.afadoc.it\/wp22\/index.php?rest_route=\/wp\/v2\/media\/12841"}],"wp:attachment":[{"href":"https:\/\/www.afadoc.it\/wp22\/index.php?rest_route=%2Fwp%2Fv2%2Fmedia&parent=12840"}],"wp:term":[{"taxonomy":"category","embeddable":true,"href":"https:\/\/www.afadoc.it\/wp22\/index.php?rest_route=%2Fwp%2Fv2%2Fcategories&post=12840"},{"taxonomy":"post_tag","embeddable":true,"href":"https:\/\/www.afadoc.it\/wp22\/index.php?rest_route=%2Fwp%2Fv2%2Ftags&post=12840"}],"curies":[{"name":"wp","href":"https:\/\/api.w.org\/{rel}","templated":true}]}}